{"id":131581,"date":"2019-01-29T18:18:53","date_gmt":"2019-01-29T17:18:53","guid":{"rendered":"http:\/\/chilaud-tournet-clairette9.be\/?p=131581"},"modified":"2019-02-08T20:25:44","modified_gmt":"2019-02-08T19:25:44","slug":"41eme-festival-international-de-ballons-a-chateau-doex-suisse-vol-2","status":"publish","type":"post","link":"https:\/\/chilaud-tournet-clairette9.be\/index.php\/2019\/01\/29\/41eme-festival-international-de-ballons-a-chateau-doex-suisse-vol-2\/","title":{"rendered":"41\u00e8me Festival international de Ballons \u00e0 Ch\u00e2teau d&rsquo;Oex (Suisse)  Vol 2"},"content":{"rendered":"<p>Merci \u00e0 toute la Team du ballon \u00ab\u00a0Fil \u00f4 vent\u00a0\u00bb pour ces superbes images &#8230; \ud83d\ude00<\/p>\n<p><!--more--><\/p>\n<p>(Photos r\u00e9duites pour plus de fluidit\u00e9 de visionnage et pour le stockage sur le site \ud83d\ude09 )<\/p>\n<p>Photos de Clarisse et Olivier , au sol :&nbsp;<\/p>\nngg_shortcode_0_placeholder\nngg_shortcode_1_placeholder\nngg_shortcode_2_placeholder\n<p>Photos de Jean-Charles , en vol :&nbsp;<\/p>\nngg_shortcode_3_placeholder\n","protected":false},"excerpt":{"rendered":"<p>Merci \u00e0 toute la Team du ballon \u00ab\u00a0Fil \u00f4 vent\u00a0\u00bb pour ces superbes images &#8230; \ud83d\ude00<\/p>\n","protected":false},"author":2,"featured_media":131583,"comment_status":"open","ping_status":"closed","sticky":false,"template":"","format":"standard","meta":{"ngg_post_thumbnail":0,"jetpack_post_was_ever_published":false,"_jetpack_newsletter_access":"","_jetpack_dont_email_post_to_subs":false,"_jetpack_newsletter_tier_id":0,"_jetpack_memberships_contains_paywalled_content":false,"_jetpack_memberships_contains_paid_content":false,"footnotes":"","jetpack_publicize_message":"","jetpack_publicize_feature_enabled":true,"jetpack_social_post_already_shared":true,"jetpack_social_options":{"image_generator_settings":{"template":"highway","enabled":false}}},"categories":[172],"tags":[170,142,124,171,168,169,167],"jetpack_publicize_connections":[],"jetpack_featured_media_url":"https:\/\/i0.wp.com\/chilaud-tournet-clairette9.be\/wp-content\/uploads\/2019\/02\/Photos-Clarisse-vol-2-mar-29-54.jpg?fit=4000%2C3000&ssl=1","jetpack_sharing_enabled":true,"jetpack_shortlink":"https:\/\/wp.me\/p8C07a-yeh","jetpack-related-posts":[],"_links":{"self":[{"href":"https:\/\/chilaud-tournet-clairette9.be\/index.php\/wp-json\/wp\/v2\/posts\/131581"}],"collection":[{"href":"https:\/\/chilaud-tournet-clairette9.be\/index.php\/wp-json\/wp\/v2\/posts"}],"about":[{"href":"https:\/\/chilaud-tournet-clairette9.be\/index.php\/wp-json\/wp\/v2\/types\/post"}],"author":[{"embeddable":true,"href":"https:\/\/chilaud-tournet-clairette9.be\/index.php\/wp-json\/wp\/v2\/users\/2"}],"replies":[{"embeddable":true,"href":"https:\/\/chilaud-tournet-clairette9.be\/index.php\/wp-json\/wp\/v2\/comments?post=131581"}],"version-history":[{"count":0,"href":"https:\/\/chilaud-tournet-clairette9.be\/index.php\/wp-json\/wp\/v2\/posts\/131581\/revisions"}],"wp:featuredmedia":[{"embeddable":true,"href":"https:\/\/chilaud-tournet-clairette9.be\/index.php\/wp-json\/wp\/v2\/media\/131583"}],"wp:attachment":[{"href":"https:\/\/chilaud-tournet-clairette9.be\/index.php\/wp-json\/wp\/v2\/media?parent=131581"}],"wp:term":[{"taxonomy":"category","embeddable":true,"href":"https:\/\/chilaud-tournet-clairette9.be\/index.php\/wp-json\/wp\/v2\/categories?post=131581"},{"taxonomy":"post_tag","embeddable":true,"href":"https:\/\/chilaud-tournet-clairette9.be\/index.php\/wp-json\/wp\/v2\/tags?post=131581"}],"curies":[{"name":"wp","href":"https:\/\/api.w.org\/{rel}","templated":true}]}}